{"id":11411,"date":"2022-11-06T20:00:00","date_gmt":"2022-11-06T19:00:00","guid":{"rendered":"https:\/\/www.handball-ulm.de\/?p=11411"},"modified":"2022-11-11T14:17:48","modified_gmt":"2022-11-11T13:17:48","slug":"maenner-1-gerhausen-2","status":"publish","type":"post","link":"https:\/\/www.handball-ulm.de\/?p=11411","title":{"rendered":"M\u00e4nner 1 &#8211; Gerhausen 2"},"content":{"rendered":"\n<p>Sonntag 15:45 Uhr Tannenplatzhalle. <br>Eine ungew\u00f6hnliche Zeit f\u00fcr ein Spiel der ersten Herrenmannschaft. <br>Heute zu Gast, die zweite Mannschaft des TV Gerhausen.<\/p>\n\n\n\n<p>Bereits zu Beginn hatten unsere M\u00e4nner das Spiel in ihren H\u00e4nden und so stand es zum ersten Time-Out, in der 15. Minute, von Gerhausen 12:6. In diesem konstanten Tempo lie\u00dfen die Ulmer nicht locker. Erzielte der Gegner ein Tor, so schoss unsere 1. Welle mit ihrem schnellen Anspiel in Sekundenschnelle das Gegentor. Machte Gerhausen ein Tor, so machten die Ulmer zwei. Mit diesem Druck, welchen die Ulmer aus\u00fcbten, katapultierten sie das Ergebnis auf 20:9 in der Halbzeit.<\/p>\n\n\n\n<p>In der zweiten Halbzeit konnten die Ulmer ihren Vorsprung noch weiter ausbauen und ein Endergebnis von 40:24 verzeichnen. Auch wenn die erzielten Tore sch\u00f6n anzusehen sind, so h\u00e4tten es doch weniger Gegentore sein k\u00f6nnen, denn immerhin k\u00f6nnten Spiele wie dieses am Saisonende noch entscheidend sein.<\/p>\n\n\n\n<p>Nach dem gewonnenen Spiel blieben unsere M\u00e4nner noch in der Halle auf ein oder zwei Bierchen, denn immerhin konnten sie sich mit 40 Toren direkt \u00fcber drei K\u00e4sten freuen, einen Spieler- und einen Trainerkasten und den Kasten des begeisterten Zuschauers Axel. <br>Gemeinsam sahen sie sich noch das W\u00fcrttemberg-Liga-Spiel der weiblichen B-Jugend an, um Gegnern aus allen Landen aufzuzeigen, dass Ulm &amp; Wiblingen da ist!<\/p>\n\n\n\n<p>Einen gro\u00dfen Dank m\u00f6chten wir den Schiedsrichtern aussprechen, sowie allen Zuschauern, welche sich die Zeit einr\u00e4umen konnten, uns anzufeuern.<\/p>\n\n\n\n<p>Als n\u00e4chster Gegner stehen die Kontrahenten aus Langenau auf dem Plan:<br>Sa: 12.11.2022  17:45 Uhr  Pfleghofhalle Langenau<\/p>\n\n\n\n<figure class=\"wp-block-video\"><video controls src=\"https:\/\/www.handball-ulm.de\/wp-content\/uploads\/2022\/11\/m\u00e41_Gerhausen.mp4\"><\/video><\/figure>\n\n\n\n<p><\/p>\n","protected":false},"excerpt":{"rendered":"<p>Viel klarer konnte ein Sieg nicht sein<\/p>\n<br\/><br\/><a class=\"read-more\" href=\"https:\/\/www.handball-ulm.de\/?p=11411\"> Mehr lesen...<\/a>","protected":false},"author":10,"featured_media":11413,"comment_status":"closed","ping_status":"closed","sticky":false,"template":"","format":"standard","meta":{"ngg_post_thumbnail":0,"footnotes":""},"categories":[80,11,63],"tags":[],"_links":{"self":[{"href":"https:\/\/www.handball-ulm.de\/index.php?rest_route=\/wp\/v2\/posts\/11411"}],"collection":[{"href":"https:\/\/www.handball-ulm.de\/index.php?rest_route=\/wp\/v2\/posts"}],"about":[{"href":"https:\/\/www.handball-ulm.de\/index.php?rest_route=\/wp\/v2\/types\/post"}],"author":[{"embeddable":true,"href":"https:\/\/www.handball-ulm.de\/index.php?rest_route=\/wp\/v2\/users\/10"}],"replies":[{"embeddable":true,"href":"https:\/\/www.handball-ulm.de\/index.php?rest_route=%2Fwp%2Fv2%2Fcomments&post=11411"}],"version-history":[{"count":2,"href":"https:\/\/www.handball-ulm.de\/index.php?rest_route=\/wp\/v2\/posts\/11411\/revisions"}],"predecessor-version":[{"id":11416,"href":"https:\/\/www.handball-ulm.de\/index.php?rest_route=\/wp\/v2\/posts\/11411\/revisions\/11416"}],"wp:featuredmedia":[{"embeddable":true,"href":"https:\/\/www.handball-ulm.de\/index.php?rest_route=\/wp\/v2\/media\/11413"}],"wp:attachment":[{"href":"https:\/\/www.handball-ulm.de\/index.php?rest_route=%2Fwp%2Fv2%2Fmedia&parent=11411"}],"wp:term":[{"taxonomy":"category","embeddable":true,"href":"https:\/\/www.handball-ulm.de\/index.php?rest_route=%2Fwp%2Fv2%2Fcategories&post=11411"},{"taxonomy":"post_tag","embeddable":true,"href":"https:\/\/www.handball-ulm.de\/index.php?rest_route=%2Fwp%2Fv2%2Ftags&post=11411"}],"curies":[{"name":"wp","href":"https:\/\/api.w.org\/{rel}","templated":true}]}}