{"id":11246,"date":"2022-10-23T21:10:00","date_gmt":"2022-10-23T19:10:00","guid":{"rendered":"https:\/\/www.handball-ulm.de\/?p=11246"},"modified":"2022-10-28T19:26:23","modified_gmt":"2022-10-28T17:26:23","slug":"maenner-1-gegen-hc-lustenau","status":"publish","type":"post","link":"https:\/\/www.handball-ulm.de\/?p=11246","title":{"rendered":"M\u00e4nner 1 gegen HC Lustenau"},"content":{"rendered":"\n<figure class=\"wp-block-image size-large\"><img loading=\"lazy\" decoding=\"async\" width=\"1024\" height=\"768\" src=\"https:\/\/www.handball-ulm.de\/wp-content\/uploads\/2022\/10\/WhatsApp-Image-2022-10-23-at-19.35.38-1024x768.jpeg\" alt=\"\" class=\"wp-image-11247\" srcset=\"https:\/\/www.handball-ulm.de\/wp-content\/uploads\/2022\/10\/WhatsApp-Image-2022-10-23-at-19.35.38-1024x768.jpeg 1024w, https:\/\/www.handball-ulm.de\/wp-content\/uploads\/2022\/10\/WhatsApp-Image-2022-10-23-at-19.35.38-300x225.jpeg 300w, https:\/\/www.handball-ulm.de\/wp-content\/uploads\/2022\/10\/WhatsApp-Image-2022-10-23-at-19.35.38-768x576.jpeg 768w, https:\/\/www.handball-ulm.de\/wp-content\/uploads\/2022\/10\/WhatsApp-Image-2022-10-23-at-19.35.38-1536x1152.jpeg 1536w, https:\/\/www.handball-ulm.de\/wp-content\/uploads\/2022\/10\/WhatsApp-Image-2022-10-23-at-19.35.38-1170x878.jpeg 1170w, https:\/\/www.handball-ulm.de\/wp-content\/uploads\/2022\/10\/WhatsApp-Image-2022-10-23-at-19.35.38.jpeg 1600w\" sizes=\"(max-width: 1024px) 100vw, 1024px\" \/><\/figure>\n\n\n\n<p>Sonntag, 23.10.22 17:45 Uhr &#8211; Anpfiff in der Tannenplatzhalle. Unser Gegner Lustenau war bis zu diesem Zeitpunkt schwer einzusch\u00e4tzen. Waren sie gleichstark wie letzte Saison? Haben sie Verluste einstecken m\u00fcssen? Oder konnten sie vielleicht sogar noch st\u00e4rker werden? Zum Gl\u00fcck und das will ausgesprochen werden, haben unsere Ulmer die Sommerpause nicht mit Nichtstun verbracht, sondern haben sich auf eine Qualit\u00e4tssteigerung der Gegner vorbereitet.<\/p>\n\n\n\n<p>Uff. Wir, die SG, sollen also zu den st\u00e4rksten in der Liga z\u00e4hlen? Na, warum dem dann nicht gerecht werden? Mit einer sich gegenseitig unterst\u00fctzenden 6:0 \u2013 Abwehr zwangen die M\u00e4nner der SG den Gegner zu langen Spielphasen und war der Ball dann in Ulmer H\u00e4nden, so wurden mit der ersten und zweiten Welle die n\u00e4chsten Tore auf das Heimkonto gutgeschrieben. So kam es, dass bereits in der elften Minute das Time-Out von Lustenau kam und die Toranzeige 9:3 f\u00fcr Ulm aufleuchtete. Bis in die Halbzeitpause konnten unsere 1.Herren ein Zwischenergebnis von 17:12 f\u00fcr sich beanspruchen.<\/p>\n\n\n\n<figure class=\"wp-block-video\"><video controls src=\"https:\/\/www.handball-ulm.de\/wp-content\/uploads\/2022\/10\/WhatsApp-Video-2022-10-23-at-19.35.22.mp4\"><\/video><\/figure>\n\n\n\n<p>Zu Beginn der 2. Halbzeit konnten die Ulmer ihren Vorsprung gut halten, auch wenn sich nach und nach immer mehr Leichtsinnsfehler im Angriff zeigten. Was vorne fehlte, machte an diesem Sonntag jedoch unser Torh\u00fcter Noah Cremer (12) wieder wett. Er hielt nicht nur 4 freie 7-Meter, sondern zeigte auch in \u201cnormalen\u201c Aktionen, dass nach der Abwehr noch einer kommt, der etwas gegen einen Treffer hat. Die vielen taktischen M\u00f6glichkeiten, welche die Ulmer Bank mitbrachte, wie verschiedene Positionsbesetzungen oder schnelle Wechsel, halfen der SG in der 49. Spielminute, ein Ergebnis von 30:22 verzeichnen zu k\u00f6nnen. Leider jedoch konnte der 8-Tore-Vorsprung weder ausgebaut noch gehalten werden. Die \u201cLeichtsinnsfehler\u201c zeigten sich nun drastischer und f\u00fchren dazu, dass der HC Lustenau das Spiel noch einmal spannend machen konnte und bis Minute 59:49 auf unglaubliche 33:32 aufschlie\u00dfen konnte.<\/p>\n\n\n\n<figure class=\"wp-block-video\"><video controls src=\"https:\/\/www.handball-ulm.de\/wp-content\/uploads\/2022\/10\/WhatsApp-Video-2022-10-23-at-19.36.23.mp4\"><\/video><\/figure>\n\n\n\n<p>Wie jedes Mal war es auch dieses Mal eine Freude, vor solch einer Schar an Fans zu spielen. Daf\u00fcr Danke. Auch m\u00f6chten wir uns bei den Schiedsrichtern bedanken, welche diese T\u00e4tigkeit aus\u00fcben.<\/p>\n\n\n\n<p>Wir, die Herren 1 hoffen nat\u00fcrlich auf zahlreiche Unterst\u00fctzung zum n\u00e4chsten Heimspiel, am Sonntag, dem 06.11. um 15:45 Uhr.<\/p>\n\n\n\n<p>Und wer es nicht mehr so lange abwarten kann, der hat die M\u00f6glichkeit, das n\u00e4chste Spiel am Samstag, den 29.10. um 18:00 Uhr per Liveticker zu verfolgen oder mit an den Bodensee nach Friedrichshafen zu kommen.<\/p>\n\n\n\n<p class=\"has-medium-font-size\">Mehr Fotos von Simon <code><a href=\"https:\/\/www.fotopraxxis-ulm.de\/\">Reitz<\/a><\/code> Fotografie unter <code><a href=\"https:\/\/www.handball-ulm.de\/index.php\/nggallery\/alles\/spieltag-maenner-1-sgu-hc-lustenau-23-10-2022?page_id=91\">Galerie<\/a><\/code><\/p>\n","protected":false},"excerpt":{"rendered":"<p>Sehr verdient und knapper als gedacht gewonnen.<\/p>\n<br\/><br\/><a class=\"read-more\" href=\"https:\/\/www.handball-ulm.de\/?p=11246\"> Mehr lesen...<\/a>","protected":false},"author":10,"featured_media":11251,"comment_status":"closed","ping_status":"closed","sticky":false,"template":"","format":"standard","meta":{"ngg_post_thumbnail":0,"footnotes":""},"categories":[80,11,63],"tags":[],"_links":{"self":[{"href":"https:\/\/www.handball-ulm.de\/index.php?rest_route=\/wp\/v2\/posts\/11246"}],"collection":[{"href":"https:\/\/www.handball-ulm.de\/index.php?rest_route=\/wp\/v2\/posts"}],"about":[{"href":"https:\/\/www.handball-ulm.de\/index.php?rest_route=\/wp\/v2\/types\/post"}],"author":[{"embeddable":true,"href":"https:\/\/www.handball-ulm.de\/index.php?rest_route=\/wp\/v2\/users\/10"}],"replies":[{"embeddable":true,"href":"https:\/\/www.handball-ulm.de\/index.php?rest_route=%2Fwp%2Fv2%2Fcomments&post=11246"}],"version-history":[{"count":3,"href":"https:\/\/www.handball-ulm.de\/index.php?rest_route=\/wp\/v2\/posts\/11246\/revisions"}],"predecessor-version":[{"id":11253,"href":"https:\/\/www.handball-ulm.de\/index.php?rest_route=\/wp\/v2\/posts\/11246\/revisions\/11253"}],"wp:featuredmedia":[{"embeddable":true,"href":"https:\/\/www.handball-ulm.de\/index.php?rest_route=\/wp\/v2\/media\/11251"}],"wp:attachment":[{"href":"https:\/\/www.handball-ulm.de\/index.php?rest_route=%2Fwp%2Fv2%2Fmedia&parent=11246"}],"wp:term":[{"taxonomy":"category","embeddable":true,"href":"https:\/\/www.handball-ulm.de\/index.php?rest_route=%2Fwp%2Fv2%2Fcategories&post=11246"},{"taxonomy":"post_tag","embeddable":true,"href":"https:\/\/www.handball-ulm.de\/index.php?rest_route=%2Fwp%2Fv2%2Ftags&post=11246"}],"curies":[{"name":"wp","href":"https:\/\/api.w.org\/{rel}","templated":true}]}}