{"id":10964,"date":"2022-10-08T19:31:00","date_gmt":"2022-10-08T17:31:00","guid":{"rendered":"https:\/\/www.handball-ulm.de\/?p=10964"},"modified":"2022-10-10T18:50:48","modified_gmt":"2022-10-10T16:50:48","slug":"deutlicher-sieg-der-maennlichen-b-jugend-gegen-ehingen","status":"publish","type":"post","link":"https:\/\/www.handball-ulm.de\/?p=10964","title":{"rendered":"Deutlicher Sieg der m\u00e4nnlichen B-Jugend gegen Ehingen"},"content":{"rendered":"\n<figure class=\"wp-block-image size-large\"><img loading=\"lazy\" decoding=\"async\" width=\"1024\" height=\"645\" src=\"https:\/\/www.handball-ulm.de\/wp-content\/uploads\/2022\/10\/WhatsApp-Image-2022-10-10-at-18.36.14-1024x645.jpeg\" alt=\"\" class=\"wp-image-10965\" srcset=\"https:\/\/www.handball-ulm.de\/wp-content\/uploads\/2022\/10\/WhatsApp-Image-2022-10-10-at-18.36.14-1024x645.jpeg 1024w, https:\/\/www.handball-ulm.de\/wp-content\/uploads\/2022\/10\/WhatsApp-Image-2022-10-10-at-18.36.14-300x189.jpeg 300w, https:\/\/www.handball-ulm.de\/wp-content\/uploads\/2022\/10\/WhatsApp-Image-2022-10-10-at-18.36.14-768x484.jpeg 768w, https:\/\/www.handball-ulm.de\/wp-content\/uploads\/2022\/10\/WhatsApp-Image-2022-10-10-at-18.36.14-1536x967.jpeg 1536w, https:\/\/www.handball-ulm.de\/wp-content\/uploads\/2022\/10\/WhatsApp-Image-2022-10-10-at-18.36.14-1170x737.jpeg 1170w, https:\/\/www.handball-ulm.de\/wp-content\/uploads\/2022\/10\/WhatsApp-Image-2022-10-10-at-18.36.14.jpeg 1572w\" sizes=\"(max-width: 1024px) 100vw, 1024px\" \/><\/figure>\n\n\n\n<p>In einem torreichen Spiel in der heimischen Tannenplatzhalle konnten die Ulmer eindeutig \u00fcberzeugen und gewannen am Ende mit 47:26 gegen Ehingen. <br>Dank konzentrierten Leistungen im Angriff wurde die 50-Tore-Marke fast erreicht. Franz, Lasse und Louis waren nicht zu stoppen. Aber auch Robin, Leon und Michi brachten sich in die Torriege ein. Noah, Lukas und Flo gaben die entsprechenden Assists. Moritz trug im Tor nat\u00fcrlich ebenfalls seinen Beitrag hinzu.<br> In der Abwehr besteht immer noch Verbesserungsbedarf, weshalb der Hauptfokus im Training der kommenden Wochen auf der Verringerung von Gegentoren liegen wird.<br>Wir bedanken uns beim Schiedsrichter f\u00fcr eine gute Leistung und bei den G\u00e4sten f\u00fcr eine tolle Partie und freuen uns schon auf das R\u00fcckspiel.<\/p>\n\n\n\n<figure class=\"wp-block-gallery columns-3 is-cropped wp-block-gallery-1 is-layout-flex wp-block-gallery-is-layout-flex\"><ul class=\"blocks-gallery-grid\"><li class=\"blocks-gallery-item\"><figure><img loading=\"lazy\" decoding=\"async\" width=\"1024\" height=\"878\" src=\"https:\/\/www.handball-ulm.de\/wp-content\/uploads\/2022\/10\/20221008_174619-1024x878.jpg\" alt=\"\" data-id=\"10966\" data-full-url=\"https:\/\/www.handball-ulm.de\/wp-content\/uploads\/2022\/10\/20221008_174619-scaled.jpg\" data-link=\"https:\/\/www.handball-ulm.de\/?attachment_id=10966\" class=\"wp-image-10966\" srcset=\"https:\/\/www.handball-ulm.de\/wp-content\/uploads\/2022\/10\/20221008_174619-1024x878.jpg 1024w, https:\/\/www.handball-ulm.de\/wp-content\/uploads\/2022\/10\/20221008_174619-300x257.jpg 300w, https:\/\/www.handball-ulm.de\/wp-content\/uploads\/2022\/10\/20221008_174619-768x658.jpg 768w, https:\/\/www.handball-ulm.de\/wp-content\/uploads\/2022\/10\/20221008_174619-1536x1317.jpg 1536w, https:\/\/www.handball-ulm.de\/wp-content\/uploads\/2022\/10\/20221008_174619-2048x1756.jpg 2048w, https:\/\/www.handball-ulm.de\/wp-content\/uploads\/2022\/10\/20221008_174619-1170x1003.jpg 1170w\" sizes=\"(max-width: 1024px) 100vw, 1024px\" \/><figcaption class=\"blocks-gallery-item__caption\">Der Fanclub<\/figcaption><\/figure><\/li><li class=\"blocks-gallery-item\"><figure><img loading=\"lazy\" decoding=\"async\" width=\"1024\" height=\"809\" src=\"https:\/\/www.handball-ulm.de\/wp-content\/uploads\/2022\/10\/20221008_162912-1024x809.jpg\" alt=\"\" data-id=\"10967\" data-full-url=\"https:\/\/www.handball-ulm.de\/wp-content\/uploads\/2022\/10\/20221008_162912-scaled.jpg\" data-link=\"https:\/\/www.handball-ulm.de\/?attachment_id=10967\" class=\"wp-image-10967\" srcset=\"https:\/\/www.handball-ulm.de\/wp-content\/uploads\/2022\/10\/20221008_162912-1024x809.jpg 1024w, https:\/\/www.handball-ulm.de\/wp-content\/uploads\/2022\/10\/20221008_162912-300x237.jpg 300w, https:\/\/www.handball-ulm.de\/wp-content\/uploads\/2022\/10\/20221008_162912-768x607.jpg 768w, https:\/\/www.handball-ulm.de\/wp-content\/uploads\/2022\/10\/20221008_162912-1536x1213.jpg 1536w, https:\/\/www.handball-ulm.de\/wp-content\/uploads\/2022\/10\/20221008_162912-2048x1617.jpg 2048w, https:\/\/www.handball-ulm.de\/wp-content\/uploads\/2022\/10\/20221008_162912-1170x924.jpg 1170w\" sizes=\"(max-width: 1024px) 100vw, 1024px\" \/><figcaption class=\"blocks-gallery-item__caption\">Auszeit<\/figcaption><\/figure><\/li><li class=\"blocks-gallery-item\"><figure><img loading=\"lazy\" decoding=\"async\" width=\"853\" height=\"1024\" src=\"https:\/\/www.handball-ulm.de\/wp-content\/uploads\/2022\/10\/20221008_173715-853x1024.jpg\" alt=\"\" data-id=\"10968\" data-full-url=\"https:\/\/www.handball-ulm.de\/wp-content\/uploads\/2022\/10\/20221008_173715-scaled.jpg\" data-link=\"https:\/\/www.handball-ulm.de\/?attachment_id=10968\" class=\"wp-image-10968\" srcset=\"https:\/\/www.handball-ulm.de\/wp-content\/uploads\/2022\/10\/20221008_173715-853x1024.jpg 853w, https:\/\/www.handball-ulm.de\/wp-content\/uploads\/2022\/10\/20221008_173715-250x300.jpg 250w, https:\/\/www.handball-ulm.de\/wp-content\/uploads\/2022\/10\/20221008_173715-768x921.jpg 768w, https:\/\/www.handball-ulm.de\/wp-content\/uploads\/2022\/10\/20221008_173715-1280x1536.jpg 1280w, https:\/\/www.handball-ulm.de\/wp-content\/uploads\/2022\/10\/20221008_173715-1707x2048.jpg 1707w, https:\/\/www.handball-ulm.de\/wp-content\/uploads\/2022\/10\/20221008_173715-1170x1404.jpg 1170w\" sizes=\"(max-width: 853px) 100vw, 853px\" \/><figcaption class=\"blocks-gallery-item__caption\">Die Experten<\/figcaption><\/figure><\/li><\/ul><figcaption class=\"blocks-gallery-caption\">                                                 <\/figcaption><\/figure>\n","protected":false},"excerpt":{"rendered":"<p>Ein wahrer Torregen am Samstag<\/p>\n<br\/><br\/><a class=\"read-more\" href=\"https:\/\/www.handball-ulm.de\/?p=10964\"> Mehr lesen...<\/a>","protected":false},"author":10,"featured_media":10970,"comment_status":"closed","ping_status":"closed","sticky":false,"template":"","format":"standard","meta":{"ngg_post_thumbnail":0,"footnotes":""},"categories":[80,17,8,63],"tags":[],"_links":{"self":[{"href":"https:\/\/www.handball-ulm.de\/index.php?rest_route=\/wp\/v2\/posts\/10964"}],"collection":[{"href":"https:\/\/www.handball-ulm.de\/index.php?rest_route=\/wp\/v2\/posts"}],"about":[{"href":"https:\/\/www.handball-ulm.de\/index.php?rest_route=\/wp\/v2\/types\/post"}],"author":[{"embeddable":true,"href":"https:\/\/www.handball-ulm.de\/index.php?rest_route=\/wp\/v2\/users\/10"}],"replies":[{"embeddable":true,"href":"https:\/\/www.handball-ulm.de\/index.php?rest_route=%2Fwp%2Fv2%2Fcomments&post=10964"}],"version-history":[{"count":2,"href":"https:\/\/www.handball-ulm.de\/index.php?rest_route=\/wp\/v2\/posts\/10964\/revisions"}],"predecessor-version":[{"id":10971,"href":"https:\/\/www.handball-ulm.de\/index.php?rest_route=\/wp\/v2\/posts\/10964\/revisions\/10971"}],"wp:featuredmedia":[{"embeddable":true,"href":"https:\/\/www.handball-ulm.de\/index.php?rest_route=\/wp\/v2\/media\/10970"}],"wp:attachment":[{"href":"https:\/\/www.handball-ulm.de\/index.php?rest_route=%2Fwp%2Fv2%2Fmedia&parent=10964"}],"wp:term":[{"taxonomy":"category","embeddable":true,"href":"https:\/\/www.handball-ulm.de\/index.php?rest_route=%2Fwp%2Fv2%2Fcategories&post=10964"},{"taxonomy":"post_tag","embeddable":true,"href":"https:\/\/www.handball-ulm.de\/index.php?rest_route=%2Fwp%2Fv2%2Ftags&post=10964"}],"curies":[{"name":"wp","href":"https:\/\/api.w.org\/{rel}","templated":true}]}}