{"id":10950,"date":"2022-10-01T15:06:23","date_gmt":"2022-10-01T13:06:23","guid":{"rendered":"https:\/\/www.handball-ulm.de\/?p=10950"},"modified":"2022-10-01T19:45:38","modified_gmt":"2022-10-01T17:45:38","slug":"maennliche-b-jugend-klarer-sieg-in-blaustein-3827","status":"publish","type":"post","link":"https:\/\/www.handball-ulm.de\/?p=10950","title":{"rendered":"M\u00e4nnliche B-Jugend &#8211; Klarer Ausw\u00e4rtssieg in Blaustein 27:38"},"content":{"rendered":"\n<figure class=\"wp-block-image size-large\"><img loading=\"lazy\" decoding=\"async\" width=\"1024\" height=\"559\" src=\"https:\/\/www.handball-ulm.de\/wp-content\/uploads\/2022\/10\/WhatsApp-Image-2022-10-01-at-11.17.41-1024x559.jpeg\" alt=\"\" class=\"wp-image-10951\" srcset=\"https:\/\/www.handball-ulm.de\/wp-content\/uploads\/2022\/10\/WhatsApp-Image-2022-10-01-at-11.17.41-1024x559.jpeg 1024w, https:\/\/www.handball-ulm.de\/wp-content\/uploads\/2022\/10\/WhatsApp-Image-2022-10-01-at-11.17.41-300x164.jpeg 300w, https:\/\/www.handball-ulm.de\/wp-content\/uploads\/2022\/10\/WhatsApp-Image-2022-10-01-at-11.17.41-768x419.jpeg 768w, https:\/\/www.handball-ulm.de\/wp-content\/uploads\/2022\/10\/WhatsApp-Image-2022-10-01-at-11.17.41-1536x838.jpeg 1536w, https:\/\/www.handball-ulm.de\/wp-content\/uploads\/2022\/10\/WhatsApp-Image-2022-10-01-at-11.17.41-1170x638.jpeg 1170w, https:\/\/www.handball-ulm.de\/wp-content\/uploads\/2022\/10\/WhatsApp-Image-2022-10-01-at-11.17.41.jpeg 1600w\" sizes=\"(max-width: 1024px) 100vw, 1024px\" \/><\/figure>\n\n\n\n<p>Mit dreifach geballter Torh\u00fcterwand hatte Blaustein heute keine Chance gegen unsere starken Werfer.<\/p>\n\n\n\n<p>Unser Lasse wollte erst nicht werfen, traf dann aber doch 16-mal ins Netz. Auch Louis nutzte nur den Bruchteil seiner Chancen und netzte 13-mal ein. Die weiteren Tore warfen Patrick (6), Leon (2), Robin (1). Michi und Flo konnten daf\u00fcr in der Abwehr Akzente setzen. Torh\u00fcter Moritz hielt sein Tor souver\u00e4n in Schach.<\/p>\n\n\n\n<p>Trainerduo Pata und Flo sind halbwegs zufrieden. Zu viele Leichtsinnsfehler passierten in Angriff und Abwehr.<br>Viele Trainingsinhalte klappen schon, andere werden in den n\u00e4chsten Wochen angegangen.<\/p>\n\n\n\n<p>Die fr\u00fche Anwurfzeit im Hinterkopf (10 Uhr morgens\ud83d\ude31) zeigte die Mannschaft eine gute Angriffsleistung. In der Abwehr ist noch sehr viel Luft nach oben.<\/p>\n","protected":false},"excerpt":{"rendered":"<p>Klarer Sieg der Ulmer B-Jugend-Jungs<\/p>\n<br\/><br\/><a class=\"read-more\" href=\"https:\/\/www.handball-ulm.de\/?p=10950\"> Mehr lesen...<\/a>","protected":false},"author":10,"featured_media":10952,"comment_status":"closed","ping_status":"closed","sticky":false,"template":"","format":"standard","meta":{"ngg_post_thumbnail":0,"footnotes":""},"categories":[1,80,17,8,63],"tags":[],"_links":{"self":[{"href":"https:\/\/www.handball-ulm.de\/index.php?rest_route=\/wp\/v2\/posts\/10950"}],"collection":[{"href":"https:\/\/www.handball-ulm.de\/index.php?rest_route=\/wp\/v2\/posts"}],"about":[{"href":"https:\/\/www.handball-ulm.de\/index.php?rest_route=\/wp\/v2\/types\/post"}],"author":[{"embeddable":true,"href":"https:\/\/www.handball-ulm.de\/index.php?rest_route=\/wp\/v2\/users\/10"}],"replies":[{"embeddable":true,"href":"https:\/\/www.handball-ulm.de\/index.php?rest_route=%2Fwp%2Fv2%2Fcomments&post=10950"}],"version-history":[{"count":3,"href":"https:\/\/www.handball-ulm.de\/index.php?rest_route=\/wp\/v2\/posts\/10950\/revisions"}],"predecessor-version":[{"id":10955,"href":"https:\/\/www.handball-ulm.de\/index.php?rest_route=\/wp\/v2\/posts\/10950\/revisions\/10955"}],"wp:featuredmedia":[{"embeddable":true,"href":"https:\/\/www.handball-ulm.de\/index.php?rest_route=\/wp\/v2\/media\/10952"}],"wp:attachment":[{"href":"https:\/\/www.handball-ulm.de\/index.php?rest_route=%2Fwp%2Fv2%2Fmedia&parent=10950"}],"wp:term":[{"taxonomy":"category","embeddable":true,"href":"https:\/\/www.handball-ulm.de\/index.php?rest_route=%2Fwp%2Fv2%2Fcategories&post=10950"},{"taxonomy":"post_tag","embeddable":true,"href":"https:\/\/www.handball-ulm.de\/index.php?rest_route=%2Fwp%2Fv2%2Ftags&post=10950"}],"curies":[{"name":"wp","href":"https:\/\/api.w.org\/{rel}","templated":true}]}}