{"id":10746,"date":"2022-09-18T21:11:00","date_gmt":"2022-09-18T19:11:00","guid":{"rendered":"https:\/\/www.handball-ulm.de\/?p=10746"},"modified":"2022-09-19T20:00:56","modified_gmt":"2022-09-19T18:00:56","slug":"trainerbesprechung-zum-saisonstart-2","status":"publish","type":"post","link":"https:\/\/www.handball-ulm.de\/?p=10746","title":{"rendered":"Trainerbesprechung zum Saisonstart"},"content":{"rendered":"\n<figure class=\"wp-block-image size-large\"><img loading=\"lazy\" decoding=\"async\" width=\"1024\" height=\"476\" src=\"https:\/\/www.handball-ulm.de\/wp-content\/uploads\/2022\/09\/6H0A3649-1024x476.jpg\" alt=\"\" class=\"wp-image-10710\" srcset=\"https:\/\/www.handball-ulm.de\/wp-content\/uploads\/2022\/09\/6H0A3649-1024x476.jpg 1024w, https:\/\/www.handball-ulm.de\/wp-content\/uploads\/2022\/09\/6H0A3649-300x139.jpg 300w, https:\/\/www.handball-ulm.de\/wp-content\/uploads\/2022\/09\/6H0A3649-768x357.jpg 768w, https:\/\/www.handball-ulm.de\/wp-content\/uploads\/2022\/09\/6H0A3649-1536x714.jpg 1536w, https:\/\/www.handball-ulm.de\/wp-content\/uploads\/2022\/09\/6H0A3649-2048x952.jpg 2048w, https:\/\/www.handball-ulm.de\/wp-content\/uploads\/2022\/09\/6H0A3649-1170x544.jpg 1170w\" sizes=\"(max-width: 1024px) 100vw, 1024px\" \/><\/figure>\n\n\n\n<p class=\"has-medium-font-size\">Sonntagabend. Besprechungszeit?           <br>                                     Ja, bei der SG Ulm &amp; Wiblingen.<\/p>\n\n\n\n<figure class=\"wp-block-image size-large\"><img loading=\"lazy\" decoding=\"async\" width=\"1024\" height=\"751\" src=\"https:\/\/www.handball-ulm.de\/wp-content\/uploads\/2022\/09\/WhatsApp-Image-2022-09-19-at-19.41.31-1-1024x751.jpeg\" alt=\"\" class=\"wp-image-10760\" srcset=\"https:\/\/www.handball-ulm.de\/wp-content\/uploads\/2022\/09\/WhatsApp-Image-2022-09-19-at-19.41.31-1-1024x751.jpeg 1024w, https:\/\/www.handball-ulm.de\/wp-content\/uploads\/2022\/09\/WhatsApp-Image-2022-09-19-at-19.41.31-1-300x220.jpeg 300w, https:\/\/www.handball-ulm.de\/wp-content\/uploads\/2022\/09\/WhatsApp-Image-2022-09-19-at-19.41.31-1-768x563.jpeg 768w, https:\/\/www.handball-ulm.de\/wp-content\/uploads\/2022\/09\/WhatsApp-Image-2022-09-19-at-19.41.31-1-1536x1127.jpeg 1536w, https:\/\/www.handball-ulm.de\/wp-content\/uploads\/2022\/09\/WhatsApp-Image-2022-09-19-at-19.41.31-1-1170x858.jpeg 1170w, https:\/\/www.handball-ulm.de\/wp-content\/uploads\/2022\/09\/WhatsApp-Image-2022-09-19-at-19.41.31-1.jpeg 1779w\" sizes=\"(max-width: 1024px) 100vw, 1024px\" \/><\/figure>\n\n\n\n<p>54 Trainer folgen dem Ruf, nur 10 weitere Trainer k\u00f6nnen leider nicht teilnehmen.<br>Die neuen Trainershirts werden verteilt. Jugendleitung Pauli f\u00fchrt durch den Abend und versucht, z\u00fcgig alle Infos an die Frau und den Mann zu bekommen. Sie wird unterst\u00fctzt von Vorstand Claudi, Bewirtungschefin Klumpi und Schiri Osman.<br>Es folgt eine kurze Vorstellung der einzelnen Trainerteams passend zu den 28 Mannschaften. Es gibt Dank f\u00fcr die Beitr\u00e4ge zu Hallenheft und Homepage. Es gibt Informationen des Vorstands und F\u00f6rdervereins. Es gibt Informationen zu Bewirtung, SBO und Kinderspieltagen. Die neuen Regeln werden nochmals vorgestellt. Es erfolgt der Hinweis auf die Internetseite des HBBD und auf den neuen Partner Flyeralarm bei der Bekleidung und im Merchandising.<br>Termine zu 5 internen Fortbildungen werden bekannt gegeben, ebenso wie die Termine zu Bewirtung beim Einsteinmarathon, Sponsorentag, Jahreshauptversammlung, Jugendweihnachtsfeier und Handballcamp. <br>Und die Botschaft, dass die Jugend der SG im Winter 2023 endlich wieder nach Lund fahren will.<\/p>\n\n\n\n<p>Im Anschlu\u00df an den offiziellen Teil gibt es viel Austausch und Pizza von Big Baba.<\/p>\n\n\n\n<figure class=\"wp-block-image size-large\"><img loading=\"lazy\" decoding=\"async\" width=\"1024\" height=\"683\" src=\"https:\/\/www.handball-ulm.de\/wp-content\/uploads\/2022\/09\/WhatsApp-Image-2022-09-18-at-20.28.46-1024x683.jpeg\" alt=\"\" class=\"wp-image-10747\" srcset=\"https:\/\/www.handball-ulm.de\/wp-content\/uploads\/2022\/09\/WhatsApp-Image-2022-09-18-at-20.28.46-1024x683.jpeg 1024w, https:\/\/www.handball-ulm.de\/wp-content\/uploads\/2022\/09\/WhatsApp-Image-2022-09-18-at-20.28.46-300x200.jpeg 300w, https:\/\/www.handball-ulm.de\/wp-content\/uploads\/2022\/09\/WhatsApp-Image-2022-09-18-at-20.28.46-768x512.jpeg 768w, https:\/\/www.handball-ulm.de\/wp-content\/uploads\/2022\/09\/WhatsApp-Image-2022-09-18-at-20.28.46-600x400.jpeg 600w, https:\/\/www.handball-ulm.de\/wp-content\/uploads\/2022\/09\/WhatsApp-Image-2022-09-18-at-20.28.46-1536x1024.jpeg 1536w, https:\/\/www.handball-ulm.de\/wp-content\/uploads\/2022\/09\/WhatsApp-Image-2022-09-18-at-20.28.46-1170x780.jpeg 1170w, https:\/\/www.handball-ulm.de\/wp-content\/uploads\/2022\/09\/WhatsApp-Image-2022-09-18-at-20.28.46.jpeg 1600w\" sizes=\"(max-width: 1024px) 100vw, 1024px\" \/><\/figure>\n","protected":false},"excerpt":{"rendered":"<p>\u00dcber 60 Trainer f\u00fcr 28 Mannschaften = SG Ulm &#038; Wiblingen<\/p>\n<br\/><br\/><a class=\"read-more\" href=\"https:\/\/www.handball-ulm.de\/?p=10746\"> Mehr lesen...<\/a>","protected":false},"author":10,"featured_media":10710,"comment_status":"closed","ping_status":"closed","sticky":false,"template":"","format":"standard","meta":{"ngg_post_thumbnail":0,"footnotes":""},"categories":[80,8,63],"tags":[],"_links":{"self":[{"href":"https:\/\/www.handball-ulm.de\/index.php?rest_route=\/wp\/v2\/posts\/10746"}],"collection":[{"href":"https:\/\/www.handball-ulm.de\/index.php?rest_route=\/wp\/v2\/posts"}],"about":[{"href":"https:\/\/www.handball-ulm.de\/index.php?rest_route=\/wp\/v2\/types\/post"}],"author":[{"embeddable":true,"href":"https:\/\/www.handball-ulm.de\/index.php?rest_route=\/wp\/v2\/users\/10"}],"replies":[{"embeddable":true,"href":"https:\/\/www.handball-ulm.de\/index.php?rest_route=%2Fwp%2Fv2%2Fcomments&post=10746"}],"version-history":[{"count":12,"href":"https:\/\/www.handball-ulm.de\/index.php?rest_route=\/wp\/v2\/posts\/10746\/revisions"}],"predecessor-version":[{"id":10763,"href":"https:\/\/www.handball-ulm.de\/index.php?rest_route=\/wp\/v2\/posts\/10746\/revisions\/10763"}],"wp:featuredmedia":[{"embeddable":true,"href":"https:\/\/www.handball-ulm.de\/index.php?rest_route=\/wp\/v2\/media\/10710"}],"wp:attachment":[{"href":"https:\/\/www.handball-ulm.de\/index.php?rest_route=%2Fwp%2Fv2%2Fmedia&parent=10746"}],"wp:term":[{"taxonomy":"category","embeddable":true,"href":"https:\/\/www.handball-ulm.de\/index.php?rest_route=%2Fwp%2Fv2%2Fcategories&post=10746"},{"taxonomy":"post_tag","embeddable":true,"href":"https:\/\/www.handball-ulm.de\/index.php?rest_route=%2Fwp%2Fv2%2Ftags&post=10746"}],"curies":[{"name":"wp","href":"https:\/\/api.w.org\/{rel}","templated":true}]}}