{"id":10742,"date":"2022-09-17T15:40:00","date_gmt":"2022-09-17T13:40:00","guid":{"rendered":"https:\/\/www.handball-ulm.de\/?p=10742"},"modified":"2022-09-19T19:09:04","modified_gmt":"2022-09-19T17:09:04","slug":"wl-weibliche-b-jugend-in-biberach","status":"publish","type":"post","link":"https:\/\/www.handball-ulm.de\/?p=10742","title":{"rendered":"WL &#8211; weibliche B-Jugend in Biberach"},"content":{"rendered":"\n<figure class=\"wp-block-video\"><video controls src=\"https:\/\/www.handball-ulm.de\/wp-content\/uploads\/2022\/09\/WhatsApp-Video-2022-09-17-at-14.27.43.mp4\"><\/video><\/figure>\n\n\n\n<p>Am Samstag 17.09. wurde die Saison unserer weiblichen B-Jugend in der W\u00fcrttemberg Liga eingel\u00e4utet.<br>Neben der Liga-Premiere hatten zwei unserer Feldspielerinnen ihre ganz pers\u00f6nliche Feuertaufe, denn sie waren gefordert unsere Stammtorh\u00fcterin zu ersetzen.<br>Das erste Kr\u00e4ftemessen fand bei unseren Freunden der TG Biberach statt. Dort wurden wir in deren neuen beeindruckenden Mali-Turnhalle herzlich empfangen. Und dann war es soweit \u2013 14 Uhr sind wir in das Abenteuer W\u00fcrttemberg Liga gestartet.<br>Nach einer kurzen Phase des gegenseitigen Abtastens und Ablegens der Nervosit\u00e4t \u2013 ein paar gute Chancen und 7-Meter wurden liegen gelassen &#8211; kamen unsere M\u00e4dels immer besser ins Spiel. Schl\u00fcssel hierf\u00fcr war, dass es dem Team immer besser gelang das Level in der Defensive hochzuschrauben. Hier wurde mit der richtigen Einstellung und Intensit\u00e4t \u00fcber 50min sehr engagiert gearbeitet. Komplettiert wurde die defensive Leistung durch unsere beiden Torh\u00fcterinnen \u2013 diese machten ebenfalls einen sehr konzentrierten und guten Job. Mit Verlauf eines sehr fairen und gut geleiteten Spiels konnte sich unsere Mannschaft Schritt f\u00fcr Schritt immer weiter absetzen und mit einem 23:14 Ausw\u00e4rtssieg 2 Punkte aus Biberach entf\u00fchren.<br>Der TG Biberach w\u00fcnschen wir bis zu unserem Wiedersehen in Wiblingen viel Spa\u00df und Erfolg und sagen nochmals Dankesch\u00f6n f\u00fcr das sportliche und freundliche Miteinander!<br>Das n\u00e4chstes Spiel steigt kommenden Samstag um 16 Uhr in der heimischen Halle am Tannenplatz gegen einen der Titelfavoriten, das Team der TPSG Frisch Auf G\u00f6ppingen.<\/p>\n\n\n\n<figure class=\"wp-block-image size-large\"><img loading=\"lazy\" decoding=\"async\" width=\"1024\" height=\"768\" src=\"https:\/\/www.handball-ulm.de\/wp-content\/uploads\/2022\/09\/WhatsApp-Image-2022-09-17-at-15.07.47-1024x768.jpeg\" alt=\"\" class=\"wp-image-10743\" srcset=\"https:\/\/www.handball-ulm.de\/wp-content\/uploads\/2022\/09\/WhatsApp-Image-2022-09-17-at-15.07.47-1024x768.jpeg 1024w, https:\/\/www.handball-ulm.de\/wp-content\/uploads\/2022\/09\/WhatsApp-Image-2022-09-17-at-15.07.47-300x225.jpeg 300w, https:\/\/www.handball-ulm.de\/wp-content\/uploads\/2022\/09\/WhatsApp-Image-2022-09-17-at-15.07.47-768x576.jpeg 768w, https:\/\/www.handball-ulm.de\/wp-content\/uploads\/2022\/09\/WhatsApp-Image-2022-09-17-at-15.07.47-1536x1152.jpeg 1536w, https:\/\/www.handball-ulm.de\/wp-content\/uploads\/2022\/09\/WhatsApp-Image-2022-09-17-at-15.07.47-1170x878.jpeg 1170w, https:\/\/www.handball-ulm.de\/wp-content\/uploads\/2022\/09\/WhatsApp-Image-2022-09-17-at-15.07.47.jpeg 1600w\" sizes=\"(max-width: 1024px) 100vw, 1024px\" \/><\/figure>\n","protected":false},"excerpt":{"rendered":"<p>Spiel &#8211; Satz &#8211; Sieg &#8211; WL &#8211; wir sind dabei<\/p>\n<br\/><br\/><a class=\"read-more\" href=\"https:\/\/www.handball-ulm.de\/?p=10742\"> Mehr lesen...<\/a>","protected":false},"author":10,"featured_media":10743,"comment_status":"closed","ping_status":"closed","sticky":false,"template":"","format":"standard","meta":{"ngg_post_thumbnail":0,"footnotes":""},"categories":[80,8,63,18],"tags":[],"_links":{"self":[{"href":"https:\/\/www.handball-ulm.de\/index.php?rest_route=\/wp\/v2\/posts\/10742"}],"collection":[{"href":"https:\/\/www.handball-ulm.de\/index.php?rest_route=\/wp\/v2\/posts"}],"about":[{"href":"https:\/\/www.handball-ulm.de\/index.php?rest_route=\/wp\/v2\/types\/post"}],"author":[{"embeddable":true,"href":"https:\/\/www.handball-ulm.de\/index.php?rest_route=\/wp\/v2\/users\/10"}],"replies":[{"embeddable":true,"href":"https:\/\/www.handball-ulm.de\/index.php?rest_route=%2Fwp%2Fv2%2Fcomments&post=10742"}],"version-history":[{"count":1,"href":"https:\/\/www.handball-ulm.de\/index.php?rest_route=\/wp\/v2\/posts\/10742\/revisions"}],"predecessor-version":[{"id":10745,"href":"https:\/\/www.handball-ulm.de\/index.php?rest_route=\/wp\/v2\/posts\/10742\/revisions\/10745"}],"wp:featuredmedia":[{"embeddable":true,"href":"https:\/\/www.handball-ulm.de\/index.php?rest_route=\/wp\/v2\/media\/10743"}],"wp:attachment":[{"href":"https:\/\/www.handball-ulm.de\/index.php?rest_route=%2Fwp%2Fv2%2Fmedia&parent=10742"}],"wp:term":[{"taxonomy":"category","embeddable":true,"href":"https:\/\/www.handball-ulm.de\/index.php?rest_route=%2Fwp%2Fv2%2Fcategories&post=10742"},{"taxonomy":"post_tag","embeddable":true,"href":"https:\/\/www.handball-ulm.de\/index.php?rest_route=%2Fwp%2Fv2%2Ftags&post=10742"}],"curies":[{"name":"wp","href":"https:\/\/api.w.org\/{rel}","templated":true}]}}