{"id":10503,"date":"2022-08-20T23:36:36","date_gmt":"2022-08-20T21:36:36","guid":{"rendered":"https:\/\/www.handball-ulm.de\/?p=10503"},"modified":"2022-08-20T23:36:38","modified_gmt":"2022-08-20T21:36:38","slug":"mini-minis-weststadt-saison-bericht-2022-23","status":"publish","type":"post","link":"https:\/\/www.handball-ulm.de\/?p=10503","title":{"rendered":"Mini Minis Weststadt: Saison Bericht 2022\/23"},"content":{"rendered":"<p>&#8222;Wir sind eine Handballmannschaft. Wir haben zusammen Spa\u00df. Wir sagen immer: Ich kann das! Wir sind die MiniMinis!\u201c So begr\u00fc\u00dfen sich unsere Handballtalente im Alter von 3-4 Jahren zu jedem Training. Im Vordergrund des Trainings steht der Spa\u00df an der Bewegung, erste \u00dcbungen mit Ball und der Teamgeist. Letzteres wird speziell durch die Teilnahme an zwei Turnieren pro Saison gef\u00f6rdert. Dabei ist das Einlaufen mit eigenen Trikots, fast genauso aufregend, wie das Zeigen des neu Erlernten und der gemachten Fortschritte, dem in diesem Fall nicht weniger aufgeregten Publikum auf der vollen Zuschauertrib\u00fcne.<\/p>\n<p>Die MiniMinis freuen sich auf die kommende Saison mit einem lauten: \u201eWir sind die MiniMinis!\u201c<\/p>\n","protected":false},"excerpt":{"rendered":"<p>&#8222;Wir sind eine Handballmannschaft. Wir haben zusammen Spa\u00df. Wir sagen immer: Ich kann das! Wir sind die MiniMinis!\u201c So begr\u00fc\u00dfen sich unsere Handballtalente im Alter von 3-4 Jahren zu jedem Training. Im Vordergrund des Trainings steht der Spa\u00df an der Bewegung, erste \u00dcbungen mit Ball und der Teamgeist. Letzteres wird speziell durch die Teilnahme an [&hellip;]<\/p>\n<br\/><br\/><a class=\"read-more\" href=\"https:\/\/www.handball-ulm.de\/?p=10503\"> Mehr lesen...<\/a>","protected":false},"author":1,"featured_media":0,"comment_status":"closed","ping_status":"closed","sticky":false,"template":"","format":"standard","meta":{"ngg_post_thumbnail":0,"footnotes":""},"categories":[31],"tags":[],"_links":{"self":[{"href":"https:\/\/www.handball-ulm.de\/index.php?rest_route=\/wp\/v2\/posts\/10503"}],"collection":[{"href":"https:\/\/www.handball-ulm.de\/index.php?rest_route=\/wp\/v2\/posts"}],"about":[{"href":"https:\/\/www.handball-ulm.de\/index.php?rest_route=\/wp\/v2\/types\/post"}],"author":[{"embeddable":true,"href":"https:\/\/www.handball-ulm.de\/index.php?rest_route=\/wp\/v2\/users\/1"}],"replies":[{"embeddable":true,"href":"https:\/\/www.handball-ulm.de\/index.php?rest_route=%2Fwp%2Fv2%2Fcomments&post=10503"}],"version-history":[{"count":1,"href":"https:\/\/www.handball-ulm.de\/index.php?rest_route=\/wp\/v2\/posts\/10503\/revisions"}],"predecessor-version":[{"id":10505,"href":"https:\/\/www.handball-ulm.de\/index.php?rest_route=\/wp\/v2\/posts\/10503\/revisions\/10505"}],"wp:attachment":[{"href":"https:\/\/www.handball-ulm.de\/index.php?rest_route=%2Fwp%2Fv2%2Fmedia&parent=10503"}],"wp:term":[{"taxonomy":"category","embeddable":true,"href":"https:\/\/www.handball-ulm.de\/index.php?rest_route=%2Fwp%2Fv2%2Fcategories&post=10503"},{"taxonomy":"post_tag","embeddable":true,"href":"https:\/\/www.handball-ulm.de\/index.php?rest_route=%2Fwp%2Fv2%2Ftags&post=10503"}],"curies":[{"name":"wp","href":"https:\/\/api.w.org\/{rel}","templated":true}]}}