{"id":10498,"date":"2022-08-20T23:31:16","date_gmt":"2022-08-20T21:31:16","guid":{"rendered":"https:\/\/www.handball-ulm.de\/?p=10498"},"modified":"2022-08-20T23:31:18","modified_gmt":"2022-08-20T21:31:18","slug":"minis-oststadt-saison-bericht-2022-23","status":"publish","type":"post","link":"https:\/\/www.handball-ulm.de\/?p=10498","title":{"rendered":"Minis Oststadt: Saison Bericht 2022\/23"},"content":{"rendered":"\n<p>In die Saison 2022\/2023 starten wir jetzt mit der Minimannschaft Oststadt mit vielen Kindern aus unseren Oststadtminiminis. Diese 5- bis 6j\u00e4hrigen Kinder haben im vergangenem Jahr bei den Miniminis bereits viele Spiele mit verschiedenen B\u00e4llen kennengelernt. Jetzt bauen wir die handballerischen F\u00e4higkeiten im Training spezieller aus. Unsere Oststadtminis sind auch schon ganz neugierig auf die Spieltage gegen andere Mannschaften. Erste Einblicke konnten wir vor den Sommerferien auf dem Turnier in Brenz machen. F\u00fcr unsere Minis war dieses Turnier ein absolutes Highlight, zumal viele unserer Kinder und Familien zum ersten Mal einen Handballspieltag miterleben konnten. Wir freuen uns bereits auf die kommende Saison und auf noch viele interessierte Handballkinder.<\/p>\n","protected":false},"excerpt":{"rendered":"<p>In die Saison 2022\/2023 starten wir jetzt mit der Minimannschaft Oststadt mit vielen Kindern aus unseren Oststadtminiminis. Diese 5- bis 6j\u00e4hrigen Kinder haben im vergangenem Jahr bei den Miniminis bereits viele Spiele mit verschiedenen B\u00e4llen kennengelernt. Jetzt bauen wir die handballerischen F\u00e4higkeiten im Training spezieller aus. Unsere Oststadtminis sind auch schon ganz neugierig auf die [&hellip;]<\/p>\n<br\/><br\/><a class=\"read-more\" href=\"https:\/\/www.handball-ulm.de\/?p=10498\"> Mehr lesen...<\/a>","protected":false},"author":1,"featured_media":0,"comment_status":"closed","ping_status":"closed","sticky":false,"template":"","format":"standard","meta":{"ngg_post_thumbnail":0,"footnotes":""},"categories":[74],"tags":[],"_links":{"self":[{"href":"https:\/\/www.handball-ulm.de\/index.php?rest_route=\/wp\/v2\/posts\/10498"}],"collection":[{"href":"https:\/\/www.handball-ulm.de\/index.php?rest_route=\/wp\/v2\/posts"}],"about":[{"href":"https:\/\/www.handball-ulm.de\/index.php?rest_route=\/wp\/v2\/types\/post"}],"author":[{"embeddable":true,"href":"https:\/\/www.handball-ulm.de\/index.php?rest_route=\/wp\/v2\/users\/1"}],"replies":[{"embeddable":true,"href":"https:\/\/www.handball-ulm.de\/index.php?rest_route=%2Fwp%2Fv2%2Fcomments&post=10498"}],"version-history":[{"count":1,"href":"https:\/\/www.handball-ulm.de\/index.php?rest_route=\/wp\/v2\/posts\/10498\/revisions"}],"predecessor-version":[{"id":10499,"href":"https:\/\/www.handball-ulm.de\/index.php?rest_route=\/wp\/v2\/posts\/10498\/revisions\/10499"}],"wp:attachment":[{"href":"https:\/\/www.handball-ulm.de\/index.php?rest_route=%2Fwp%2Fv2%2Fmedia&parent=10498"}],"wp:term":[{"taxonomy":"category","embeddable":true,"href":"https:\/\/www.handball-ulm.de\/index.php?rest_route=%2Fwp%2Fv2%2Fcategories&post=10498"},{"taxonomy":"post_tag","embeddable":true,"href":"https:\/\/www.handball-ulm.de\/index.php?rest_route=%2Fwp%2Fv2%2Ftags&post=10498"}],"curies":[{"name":"wp","href":"https:\/\/api.w.org\/{rel}","templated":true}]}}