{"id":10484,"date":"2022-08-20T23:14:39","date_gmt":"2022-08-20T21:14:39","guid":{"rendered":"https:\/\/www.handball-ulm.de\/?p=10484"},"modified":"2022-08-20T23:14:42","modified_gmt":"2022-08-20T21:14:42","slug":"weststadt-minis-saison-bericht-2022-23","status":"publish","type":"post","link":"https:\/\/www.handball-ulm.de\/?p=10484","title":{"rendered":"Weststadt Minis: Saison Bericht 2022\/23"},"content":{"rendered":"<p>In die Saison 2022\/2023 starten wir jetzt mit der Minimannschaft Weststadt 1 mit vielen Kindern der Vorsaison und einigen wenigen Neuzug\u00e4ngen aus den Miniminis und durch Freunde. Unsere 5- bis 6j\u00e4hrigen Kinder bringen bereits viele handballerische F\u00e4higkeiten mit, so dass unser Training jetzt u.a. in dem Zusammenspiel bei Aufsetzerball, K\u00f6nigsball, Mattenball und Handball liegt. Erste Erfahrungen konnten wir vor den Sommerferien im gemeinsamen Spiel mit den Oststadtminis auf dem Turnier in Brenz machen. F\u00fcr unsere Minis war dieses Turnier ein absolutes Highlight, zumal viele unserer Kinder und Familien zum ersten Mal einen Handballspieltag miterleben konnten. Wir freuen uns bereits auf die kommende Saison.<\/p>\n\n\n<p><\/p>\n","protected":false},"excerpt":{"rendered":"<p>In die Saison 2022\/2023 starten wir jetzt mit der Minimannschaft Weststadt 1 mit vielen Kindern der Vorsaison und einigen wenigen Neuzug\u00e4ngen aus den Miniminis und durch Freunde. Unsere 5- bis 6j\u00e4hrigen Kinder bringen bereits viele handballerische F\u00e4higkeiten mit, so dass unser Training jetzt u.a. in dem Zusammenspiel bei Aufsetzerball, K\u00f6nigsball, Mattenball und Handball liegt. Erste [&hellip;]<\/p>\n<br\/><br\/><a class=\"read-more\" href=\"https:\/\/www.handball-ulm.de\/?p=10484\"> Mehr lesen...<\/a>","protected":false},"author":1,"featured_media":0,"comment_status":"closed","ping_status":"closed","sticky":false,"template":"","format":"standard","meta":{"ngg_post_thumbnail":0,"footnotes":""},"categories":[29],"tags":[],"_links":{"self":[{"href":"https:\/\/www.handball-ulm.de\/index.php?rest_route=\/wp\/v2\/posts\/10484"}],"collection":[{"href":"https:\/\/www.handball-ulm.de\/index.php?rest_route=\/wp\/v2\/posts"}],"about":[{"href":"https:\/\/www.handball-ulm.de\/index.php?rest_route=\/wp\/v2\/types\/post"}],"author":[{"embeddable":true,"href":"https:\/\/www.handball-ulm.de\/index.php?rest_route=\/wp\/v2\/users\/1"}],"replies":[{"embeddable":true,"href":"https:\/\/www.handball-ulm.de\/index.php?rest_route=%2Fwp%2Fv2%2Fcomments&post=10484"}],"version-history":[{"count":1,"href":"https:\/\/www.handball-ulm.de\/index.php?rest_route=\/wp\/v2\/posts\/10484\/revisions"}],"predecessor-version":[{"id":10485,"href":"https:\/\/www.handball-ulm.de\/index.php?rest_route=\/wp\/v2\/posts\/10484\/revisions\/10485"}],"wp:attachment":[{"href":"https:\/\/www.handball-ulm.de\/index.php?rest_route=%2Fwp%2Fv2%2Fmedia&parent=10484"}],"wp:term":[{"taxonomy":"category","embeddable":true,"href":"https:\/\/www.handball-ulm.de\/index.php?rest_route=%2Fwp%2Fv2%2Fcategories&post=10484"},{"taxonomy":"post_tag","embeddable":true,"href":"https:\/\/www.handball-ulm.de\/index.php?rest_route=%2Fwp%2Fv2%2Ftags&post=10484"}],"curies":[{"name":"wp","href":"https:\/\/api.w.org\/{rel}","templated":true}]}}