{"id":10456,"date":"2022-08-19T23:03:37","date_gmt":"2022-08-19T21:03:37","guid":{"rendered":"https:\/\/www.handball-ulm.de\/?p=10456"},"modified":"2022-08-19T23:03:39","modified_gmt":"2022-08-19T21:03:39","slug":"gemischt-f-ulm-saison-bericht-2022-23","status":"publish","type":"post","link":"https:\/\/www.handball-ulm.de\/?p=10456","title":{"rendered":"Gemischt F Ulm: Saison Bericht 2022\/23"},"content":{"rendered":"<p>F- Jugend (Ulm) &#8211; Handball macht Spa\u00df!!!<\/p>\n<p>Wir freuen uns auf eine neue tolle Saison mit erstmals sogar 3 F-Jugendmannschaften im Verein! Der Kern unserer Mannschaft ist bereits sehr erfahren und wir konnten viele neue Kinder in unserer Mannschaft aufnehmen. Wir hoffen, mit unserem tollen neuen Team wieder bei den Spieltagen unser K\u00f6nnen zeigen und viele Eltern und Zuschauer begeistern zu k\u00f6nnen.<\/p>\n<p>Die Trainer (Luisa, Timo und Klumpi) sind sehr stolz auf die bisherige Entwicklung der Kinder und m\u00f6chten daran im Verlauf der Saison ankn\u00fcpfen. Mit viel Teamgeist und gemeinsamen tollen Erlebnissen soll der Spa\u00df f\u00fcr den Handball geweckt und die sportlichen F\u00e4higkeiten gef\u00f6rdert werden.<\/p>\n<p>Wenn auch du Lust hast, bei uns auf Torjagd zu gehen und zwischen 6 und 8 Jahre alt bist, dann schau doch einfach mal bei uns vorbei oder melde dich unter <span style=\"color: #000000;\"><span style=\"font-family: Calibri, serif;\"><a href=\"mailto:gFulm@sgulm.de\">gFulm@sgulm.de<\/a>!<\/span><\/span><\/p>\n","protected":false},"excerpt":{"rendered":"<p>F- Jugend (Ulm) &#8211; Handball macht Spa\u00df!!! Wir freuen uns auf eine neue tolle Saison mit erstmals sogar 3 F-Jugendmannschaften im Verein! Der Kern unserer Mannschaft ist bereits sehr erfahren und wir konnten viele neue Kinder in unserer Mannschaft aufnehmen. Wir hoffen, mit unserem tollen neuen Team wieder bei den Spieltagen unser K\u00f6nnen zeigen und [&hellip;]<\/p>\n<br\/><br\/><a class=\"read-more\" href=\"https:\/\/www.handball-ulm.de\/?p=10456\"> Mehr lesen...<\/a>","protected":false},"author":1,"featured_media":0,"comment_status":"closed","ping_status":"closed","sticky":false,"template":"","format":"standard","meta":{"ngg_post_thumbnail":0,"footnotes":""},"categories":[27],"tags":[],"_links":{"self":[{"href":"https:\/\/www.handball-ulm.de\/index.php?rest_route=\/wp\/v2\/posts\/10456"}],"collection":[{"href":"https:\/\/www.handball-ulm.de\/index.php?rest_route=\/wp\/v2\/posts"}],"about":[{"href":"https:\/\/www.handball-ulm.de\/index.php?rest_route=\/wp\/v2\/types\/post"}],"author":[{"embeddable":true,"href":"https:\/\/www.handball-ulm.de\/index.php?rest_route=\/wp\/v2\/users\/1"}],"replies":[{"embeddable":true,"href":"https:\/\/www.handball-ulm.de\/index.php?rest_route=%2Fwp%2Fv2%2Fcomments&post=10456"}],"version-history":[{"count":1,"href":"https:\/\/www.handball-ulm.de\/index.php?rest_route=\/wp\/v2\/posts\/10456\/revisions"}],"predecessor-version":[{"id":10458,"href":"https:\/\/www.handball-ulm.de\/index.php?rest_route=\/wp\/v2\/posts\/10456\/revisions\/10458"}],"wp:attachment":[{"href":"https:\/\/www.handball-ulm.de\/index.php?rest_route=%2Fwp%2Fv2%2Fmedia&parent=10456"}],"wp:term":[{"taxonomy":"category","embeddable":true,"href":"https:\/\/www.handball-ulm.de\/index.php?rest_route=%2Fwp%2Fv2%2Fcategories&post=10456"},{"taxonomy":"post_tag","embeddable":true,"href":"https:\/\/www.handball-ulm.de\/index.php?rest_route=%2Fwp%2Fv2%2Ftags&post=10456"}],"curies":[{"name":"wp","href":"https:\/\/api.w.org\/{rel}","templated":true}]}}