{"id":10448,"date":"2022-08-19T22:42:53","date_gmt":"2022-08-19T20:42:53","guid":{"rendered":"https:\/\/www.handball-ulm.de\/?p=10448"},"modified":"2022-08-19T22:42:55","modified_gmt":"2022-08-19T20:42:55","slug":"gemischt-e-wiblingen-saison-bericht-2022-23","status":"publish","type":"post","link":"https:\/\/www.handball-ulm.de\/?p=10448","title":{"rendered":"Gemischt E Wiblingen: Saison Bericht 2022\/23"},"content":{"rendered":"<p>Wir sind sehr froh, wieder in eine neue Saison starten zu d\u00fcrfen mit neuer Motivation und Spa\u00df. Die Spieler machen Fortschritte, indem wir uns spielerisch dem Handball n\u00e4hern. Wir lernen fangen, werfen, zielen und treffen mit dem Ball und freuen uns auf die kommende Saison und auf die n\u00e4chsten Spieltage, um unser K\u00f6nnen zu zeigen. Wir w\u00fcrden uns nat\u00fcrlich freuen, wenn neue ballbegeisterte Jungen und M\u00e4dchen im Training vorbeischauen w\u00fcrden.<\/p>\n<p>Wir freuen uns!<\/p>\n","protected":false},"excerpt":{"rendered":"<p>Wir sind sehr froh, wieder in eine neue Saison starten zu d\u00fcrfen mit neuer Motivation und Spa\u00df. Die Spieler machen Fortschritte, indem wir uns spielerisch dem Handball n\u00e4hern. Wir lernen fangen, werfen, zielen und treffen mit dem Ball und freuen uns auf die kommende Saison und auf die n\u00e4chsten Spieltage, um unser K\u00f6nnen zu zeigen. [&hellip;]<\/p>\n<br\/><br\/><a class=\"read-more\" href=\"https:\/\/www.handball-ulm.de\/?p=10448\"> Mehr lesen...<\/a>","protected":false},"author":1,"featured_media":0,"comment_status":"closed","ping_status":"closed","sticky":false,"template":"","format":"standard","meta":{"ngg_post_thumbnail":0,"footnotes":""},"categories":[26],"tags":[],"_links":{"self":[{"href":"https:\/\/www.handball-ulm.de\/index.php?rest_route=\/wp\/v2\/posts\/10448"}],"collection":[{"href":"https:\/\/www.handball-ulm.de\/index.php?rest_route=\/wp\/v2\/posts"}],"about":[{"href":"https:\/\/www.handball-ulm.de\/index.php?rest_route=\/wp\/v2\/types\/post"}],"author":[{"embeddable":true,"href":"https:\/\/www.handball-ulm.de\/index.php?rest_route=\/wp\/v2\/users\/1"}],"replies":[{"embeddable":true,"href":"https:\/\/www.handball-ulm.de\/index.php?rest_route=%2Fwp%2Fv2%2Fcomments&post=10448"}],"version-history":[{"count":1,"href":"https:\/\/www.handball-ulm.de\/index.php?rest_route=\/wp\/v2\/posts\/10448\/revisions"}],"predecessor-version":[{"id":10449,"href":"https:\/\/www.handball-ulm.de\/index.php?rest_route=\/wp\/v2\/posts\/10448\/revisions\/10449"}],"wp:attachment":[{"href":"https:\/\/www.handball-ulm.de\/index.php?rest_route=%2Fwp%2Fv2%2Fmedia&parent=10448"}],"wp:term":[{"taxonomy":"category","embeddable":true,"href":"https:\/\/www.handball-ulm.de\/index.php?rest_route=%2Fwp%2Fv2%2Fcategories&post=10448"},{"taxonomy":"post_tag","embeddable":true,"href":"https:\/\/www.handball-ulm.de\/index.php?rest_route=%2Fwp%2Fv2%2Ftags&post=10448"}],"curies":[{"name":"wp","href":"https:\/\/api.w.org\/{rel}","templated":true}]}}