{"id":10435,"date":"2022-08-18T23:53:37","date_gmt":"2022-08-18T21:53:37","guid":{"rendered":"https:\/\/www.handball-ulm.de\/?p=10435"},"modified":"2022-08-18T23:53:39","modified_gmt":"2022-08-18T21:53:39","slug":"gemischt-e-ulm-saison-bericht-2022-23","status":"publish","type":"post","link":"https:\/\/www.handball-ulm.de\/?p=10435","title":{"rendered":"Gemischt E Ulm: Saison Bericht 2022\/23"},"content":{"rendered":"<p>Die gemischte E-Jugend Ulm setzt sich aus einem kunterbunten Haufen Spielern zusammen. Viel Spa\u00df steht an oberster Stelle, weshalb Rasenturniere und andere kleinere Aktivit\u00e4ten nicht zu kurz kommen d\u00fcrfen. Wir freuen uns \u00fcber jede und jeden, welche den Handball mal ausprobieren oder direkt voll durchstarten wollen. Hoffentlich bis bald.<\/p>\n<p>Die SG Ulm &amp; Wiblingen ist seit vielen Jahren f\u00fchrend, was die F\u00f6rderung des Individuums, aber auch der Mannschaft sowie des Teamgeistes betrifft. Daher ist es f\u00fcr uns selbstverst\u00e4ndlich, an regelm\u00e4\u00dfigen Fortbildungen wie Erste Hilfe, Verletzungspr\u00e4vention etc. teilzunehmen. Aber auch p\u00e4dagogisches Grundwissen kommt bei uns nicht zu kurz.<\/p>\n<p>Wir als Ulm &amp; Wiblingen haben aber noch deutlich mehr in Petto als blo\u00dfe Versprechen. \u00dcberzeugt euch selbst und schaut mal rein \u2013 in\u00b4 Verein.<\/p>\n","protected":false},"excerpt":{"rendered":"<p>Die gemischte E-Jugend Ulm setzt sich aus einem kunterbunten Haufen Spielern zusammen. Viel Spa\u00df steht an oberster Stelle, weshalb Rasenturniere und andere kleinere Aktivit\u00e4ten nicht zu kurz kommen d\u00fcrfen. Wir freuen uns \u00fcber jede und jeden, welche den Handball mal ausprobieren oder direkt voll durchstarten wollen. Hoffentlich bis bald. Die SG Ulm &amp; Wiblingen ist [&hellip;]<\/p>\n<br\/><br\/><a class=\"read-more\" href=\"https:\/\/www.handball-ulm.de\/?p=10435\"> Mehr lesen...<\/a>","protected":false},"author":1,"featured_media":0,"comment_status":"closed","ping_status":"closed","sticky":false,"template":"","format":"standard","meta":{"ngg_post_thumbnail":0,"footnotes":""},"categories":[25],"tags":[],"_links":{"self":[{"href":"https:\/\/www.handball-ulm.de\/index.php?rest_route=\/wp\/v2\/posts\/10435"}],"collection":[{"href":"https:\/\/www.handball-ulm.de\/index.php?rest_route=\/wp\/v2\/posts"}],"about":[{"href":"https:\/\/www.handball-ulm.de\/index.php?rest_route=\/wp\/v2\/types\/post"}],"author":[{"embeddable":true,"href":"https:\/\/www.handball-ulm.de\/index.php?rest_route=\/wp\/v2\/users\/1"}],"replies":[{"embeddable":true,"href":"https:\/\/www.handball-ulm.de\/index.php?rest_route=%2Fwp%2Fv2%2Fcomments&post=10435"}],"version-history":[{"count":1,"href":"https:\/\/www.handball-ulm.de\/index.php?rest_route=\/wp\/v2\/posts\/10435\/revisions"}],"predecessor-version":[{"id":10436,"href":"https:\/\/www.handball-ulm.de\/index.php?rest_route=\/wp\/v2\/posts\/10435\/revisions\/10436"}],"wp:attachment":[{"href":"https:\/\/www.handball-ulm.de\/index.php?rest_route=%2Fwp%2Fv2%2Fmedia&parent=10435"}],"wp:term":[{"taxonomy":"category","embeddable":true,"href":"https:\/\/www.handball-ulm.de\/index.php?rest_route=%2Fwp%2Fv2%2Fcategories&post=10435"},{"taxonomy":"post_tag","embeddable":true,"href":"https:\/\/www.handball-ulm.de\/index.php?rest_route=%2Fwp%2Fv2%2Ftags&post=10435"}],"curies":[{"name":"wp","href":"https:\/\/api.w.org\/{rel}","templated":true}]}}