{"id":10427,"date":"2022-08-18T23:44:37","date_gmt":"2022-08-18T21:44:37","guid":{"rendered":"https:\/\/www.handball-ulm.de\/?p=10427"},"modified":"2022-08-18T23:44:39","modified_gmt":"2022-08-18T21:44:39","slug":"weiblich-e-saison-bericht-2022-23","status":"publish","type":"post","link":"https:\/\/www.handball-ulm.de\/?p=10427","title":{"rendered":"Weiblich E: Saison Bericht 2022\/23"},"content":{"rendered":"<p>Die wE startet in dieser Saison mit einer komplett neu zusammengew\u00fcrfelten Gruppe.<\/p>\n<p>Im Training haben wir mit P\u00e4ssen und Kr\u00e4ftigung angefangen, um mit einer guten Grundlage in die diesj\u00e4hrige Saison zu starten.<\/p>\n<p>Jetzt schon sehen wir Fortschritte und freuen uns, die Mannschaft (und vielleicht auch noch neue Spielerinnen) dieses Jahr zu trainieren!<\/p>\n","protected":false},"excerpt":{"rendered":"<p>Die wE startet in dieser Saison mit einer komplett neu zusammengew\u00fcrfelten Gruppe. Im Training haben wir mit P\u00e4ssen und Kr\u00e4ftigung angefangen, um mit einer guten Grundlage in die diesj\u00e4hrige Saison zu starten. Jetzt schon sehen wir Fortschritte und freuen uns, die Mannschaft (und vielleicht auch noch neue Spielerinnen) dieses Jahr zu trainieren!<\/p>\n<br\/><br\/><a class=\"read-more\" href=\"https:\/\/www.handball-ulm.de\/?p=10427\"> Mehr lesen...<\/a>","protected":false},"author":1,"featured_media":0,"comment_status":"closed","ping_status":"closed","sticky":false,"template":"","format":"standard","meta":{"ngg_post_thumbnail":0,"footnotes":""},"categories":[24],"tags":[],"_links":{"self":[{"href":"https:\/\/www.handball-ulm.de\/index.php?rest_route=\/wp\/v2\/posts\/10427"}],"collection":[{"href":"https:\/\/www.handball-ulm.de\/index.php?rest_route=\/wp\/v2\/posts"}],"about":[{"href":"https:\/\/www.handball-ulm.de\/index.php?rest_route=\/wp\/v2\/types\/post"}],"author":[{"embeddable":true,"href":"https:\/\/www.handball-ulm.de\/index.php?rest_route=\/wp\/v2\/users\/1"}],"replies":[{"embeddable":true,"href":"https:\/\/www.handball-ulm.de\/index.php?rest_route=%2Fwp%2Fv2%2Fcomments&post=10427"}],"version-history":[{"count":1,"href":"https:\/\/www.handball-ulm.de\/index.php?rest_route=\/wp\/v2\/posts\/10427\/revisions"}],"predecessor-version":[{"id":10428,"href":"https:\/\/www.handball-ulm.de\/index.php?rest_route=\/wp\/v2\/posts\/10427\/revisions\/10428"}],"wp:attachment":[{"href":"https:\/\/www.handball-ulm.de\/index.php?rest_route=%2Fwp%2Fv2%2Fmedia&parent=10427"}],"wp:term":[{"taxonomy":"category","embeddable":true,"href":"https:\/\/www.handball-ulm.de\/index.php?rest_route=%2Fwp%2Fv2%2Fcategories&post=10427"},{"taxonomy":"post_tag","embeddable":true,"href":"https:\/\/www.handball-ulm.de\/index.php?rest_route=%2Fwp%2Fv2%2Ftags&post=10427"}],"curies":[{"name":"wp","href":"https:\/\/api.w.org\/{rel}","templated":true}]}}