{"id":10404,"date":"2022-08-18T22:41:29","date_gmt":"2022-08-18T20:41:29","guid":{"rendered":"https:\/\/www.handball-ulm.de\/?p=10404"},"modified":"2022-08-18T22:41:31","modified_gmt":"2022-08-18T20:41:31","slug":"gemischt-d-saison-bericht-2022-23","status":"publish","type":"post","link":"https:\/\/www.handball-ulm.de\/?p=10404","title":{"rendered":"Gemischt D: Saison Bericht 2022\/23"},"content":{"rendered":"\n\n\n<p>Die gemischte D-Jugend geht mit zwei Mannschaften in den Spielbetrieb der Saison 2022\/ 2023.<br><br>Von den drei Mannschaften aus der vergangenen Saison sind insgesamt noch 13 Spieler der D-Jugend verblieben. Aus der E-Jugend sind leider nur sechs Spieler neu dazu gesto\u00dfen. Beide Mannschaften mussten kurzfristig noch Qualifikationen f\u00fcr die anstehende Wintersaison spielen. Dabei erreichte die gD 1 wie erhofft die h\u00f6chste Liga. Die gD 2 konnte sich einen Platz in einer der mittleren Ligen erspielen. Bei beiden Mannschaften ist der Spielbetrieb in zwei Zeitabschnitte geteilt: von September bis Dezember spielen die Mannschaften jeweils in einer von zwei regionalen Staffeln. Von Januar bis April werden dann aus den jeweiligen Staffeln die besten drei um den Titel in der jeweiligen Liga spielen. Unterst\u00fctzt werden wir durch Spielerinnen aus der weiblichen D-Jugend, die bei uns auch regelm\u00e4\u00dfig mittrainieren. Ebenso kommen Spieler aus der E-Jugend zum Einsatz.<br><br>Au\u00dferdem helfen Spieler unserer gD 1 regelm\u00e4\u00dfig bei Spielen der m\u00e4nnlichen C2 aus und k\u00f6nnen so wertvolle Spielerfahrungen sammeln. Wir haben in der Zeit von April bis zu den Sommerferien flei\u00dfig trainiert, so dass wir hoffentlich gut vorbereitet in die Winterrunde gehen k\u00f6nnen. Wir waren auch noch auf zwei Turnieren: in Brenz waren wir mit zwei Mannschaften vertreten, wobei die erste Mannschaft souver\u00e4n Turniersieger wurde. Zwei Wochen sp\u00e4ter waren wir auch noch auf dem Fielmann Cup in G\u00fcnzburg. Leider waren aufgrund von Corona-Erkrankungen viele Spieler nicht dabei. Trotzdem haben wir es in dem gut besetzten 15-Feld bis ins Viertelfinale geschafft. Dort haben wir dann leider gegen den Gastgeber aus G\u00fcnzburg verloren, welchen wir im Turnier in Brenz noch deutlich geschlagen haben. Auch in den Sommerferien konnten wir die letzten drei Wochen trainieren. Die letzte Woche stand dann wieder unser \u201e\u00fcbliches\u201c SG-Trainingscamp an, bei dem wir neben vielen Freizeitaktivit\u00e4ten auch jeden Tag eine Trainingseinheit hatten. Ansonsten hoffen wir, dass alle von uns flei\u00dfig dabeibleiben und wir vielleicht noch den einen oder anderen Neuzugang bekommen.<\/p>\n","protected":false},"excerpt":{"rendered":"<p>Die gemischte D-Jugend geht mit zwei Mannschaften in den Spielbetrieb der Saison 2022\/ 2023. Von den drei Mannschaften aus der vergangenen Saison sind insgesamt noch 13 Spieler der D-Jugend verblieben. Aus der E-Jugend sind leider nur sechs Spieler neu dazu gesto\u00dfen. Beide Mannschaften mussten kurzfristig noch Qualifikationen f\u00fcr die anstehende Wintersaison spielen. Dabei erreichte die [&hellip;]<\/p>\n<br\/><br\/><a class=\"read-more\" href=\"https:\/\/www.handball-ulm.de\/?p=10404\"> Mehr lesen...<\/a>","protected":false},"author":1,"featured_media":0,"comment_status":"closed","ping_status":"closed","sticky":false,"template":"","format":"standard","meta":{"ngg_post_thumbnail":0,"footnotes":""},"categories":[22,23],"tags":[],"_links":{"self":[{"href":"https:\/\/www.handball-ulm.de\/index.php?rest_route=\/wp\/v2\/posts\/10404"}],"collection":[{"href":"https:\/\/www.handball-ulm.de\/index.php?rest_route=\/wp\/v2\/posts"}],"about":[{"href":"https:\/\/www.handball-ulm.de\/index.php?rest_route=\/wp\/v2\/types\/post"}],"author":[{"embeddable":true,"href":"https:\/\/www.handball-ulm.de\/index.php?rest_route=\/wp\/v2\/users\/1"}],"replies":[{"embeddable":true,"href":"https:\/\/www.handball-ulm.de\/index.php?rest_route=%2Fwp%2Fv2%2Fcomments&post=10404"}],"version-history":[{"count":1,"href":"https:\/\/www.handball-ulm.de\/index.php?rest_route=\/wp\/v2\/posts\/10404\/revisions"}],"predecessor-version":[{"id":10406,"href":"https:\/\/www.handball-ulm.de\/index.php?rest_route=\/wp\/v2\/posts\/10404\/revisions\/10406"}],"wp:attachment":[{"href":"https:\/\/www.handball-ulm.de\/index.php?rest_route=%2Fwp%2Fv2%2Fmedia&parent=10404"}],"wp:term":[{"taxonomy":"category","embeddable":true,"href":"https:\/\/www.handball-ulm.de\/index.php?rest_route=%2Fwp%2Fv2%2Fcategories&post=10404"},{"taxonomy":"post_tag","embeddable":true,"href":"https:\/\/www.handball-ulm.de\/index.php?rest_route=%2Fwp%2Fv2%2Ftags&post=10404"}],"curies":[{"name":"wp","href":"https:\/\/api.w.org\/{rel}","templated":true}]}}