{"id":10372,"date":"2023-06-16T21:58:00","date_gmt":"2023-06-16T19:58:00","guid":{"rendered":"https:\/\/www.handball-ulm.de\/?p=10372"},"modified":"2023-06-17T15:53:39","modified_gmt":"2023-06-17T13:53:39","slug":"maennlich-c-saison-bericht-2022-23","status":"publish","type":"post","link":"https:\/\/www.handball-ulm.de\/?p=10372","title":{"rendered":"M\u00e4nnlich C: Saison Bericht 2023\/24"},"content":{"rendered":"<p>Am 21.02.2023 starteten die Jungen der Jahrg\u00e4nge 2009\/2010 in das 1. Training mit ihren neuen Trainern Pauli und Andi. Man musste sich kennenlernen, Befindlichkeiten austauschen und schauen, wie jeder so tickt.<\/p>\n<p>Die Trainer wollten Vollgas geben und boten sogar an Wochenenden Zusatztrainings an. Es folgten diverse Trainingsspiele und Turniere, um die Mannschaft gut auf die HVW-Quali vorzubereiten.<\/p>\n<p>So fuhren alle am 01.04.2023 nach Geislingen zum TV Altenstadt. Gleich das 1. Spiel mit Harz, aber es ging \u00fcberraschend gut. Am 31.04.2023 kam der HRW Laupheim zu Besuch und durfte viele Tore empfangen.<\/p>\n<p>Nach Aalen auf ein Vorbereitungsturnier fuhren wir am 16.04.2023(Landesliga-Niveau) und am 22.04.2023(Bezirksliga-Niveau). Dort machten wir jeweils den cleveren 3. Platz. Clever deshalb, weil es der beste Preis war \u2013 eine Kiste Paulaner-Spezi und! S\u00fc\u00dfigkeiten.<\/p>\n<p>Dazwischen spielten wir sehr ausgeglichen am 18.04.2023 in unserer rutschigen Ballspielhalle gegen den VfL G\u00fcnzburg.<\/p>\n<p>Der 01.Mai kam heran und statt zu feiern, fuhren wir nach Waiblingen-Bittenfeld zur HVW-Quali. Die 2. Runde fand am 13.05.2023 in Reichenbach statt. Trotz zweier gewonnenen Spiele konnten wir uns nicht qualifizieren. Unsere K\u00f6rperh\u00f6he war im Vergleich zu den Gegnern eher unterdurchschnittlich und der \u00fcberdurchschnittliche Harzverbrauch der anderen Mannschaften riss nicht nur unsere Fingerkuppen ab, sondern lie\u00df uns viele technische Fehler machen. Und das, obwohl wir am 10.05.2023 noch in S\u00f6flingen ein harzlastiges Trainingsspiel absolvierten.<\/p>\n<p>Nun ist unser klares Ziel, 1. oder 2. in der Bezirksliga zu werden.<\/p>\n<p>Da wir jetzt schon an so viele Trainingsspiele gew\u00f6hnt waren, fuhren wir am 25.05.2023 nach G\u00fcnzburg. Der VfL hat sich mittlerweile ziemlich verst\u00e4rkt. Das Spiel gefiel auf beiden Seiten.<\/p>\n<p>Die weiteren Turniere, die anstehen, sind am 24.06.2023 der Rewe-Cup in Lonsee, am 01.07.2023 das Beachturnier in Geislingen, am 08.07.2023 das Turnier in Brenz du am 22.07.2023 unser eigenes Turnier im Rahmen des SSV Sporttages, der G\u00e4nswiescup.<\/p>\n<p>Wir wollen in dieser Saison mit zwei Mannschaften auflaufen, um allen Spielern reichlich Spielzeit und Erfahrungen zu geben.<br \/>\nWir freuen uns auf zahlreiche Zuschauer und Fans.<\/p>\n","protected":false},"excerpt":{"rendered":"<p>Am 21.02.2023 starteten die Jungen der Jahrg\u00e4nge 2009\/2010 in das 1. Training mit ihren neuen Trainern Pauli und Andi. Man musste sich kennenlernen, Befindlichkeiten austauschen und schauen, wie jeder so tickt. Die Trainer wollten Vollgas geben und boten sogar an Wochenenden Zusatztrainings an. Es folgten diverse Trainingsspiele und Turniere, um die Mannschaft gut auf die [&hellip;]<\/p>\n<br\/><br\/><a class=\"read-more\" href=\"https:\/\/www.handball-ulm.de\/?p=10372\"> Mehr lesen...<\/a>","protected":false},"author":1,"featured_media":0,"comment_status":"closed","ping_status":"closed","sticky":false,"template":"","format":"standard","meta":{"ngg_post_thumbnail":0,"footnotes":""},"categories":[85,19,76,63],"tags":[],"_links":{"self":[{"href":"https:\/\/www.handball-ulm.de\/index.php?rest_route=\/wp\/v2\/posts\/10372"}],"collection":[{"href":"https:\/\/www.handball-ulm.de\/index.php?rest_route=\/wp\/v2\/posts"}],"about":[{"href":"https:\/\/www.handball-ulm.de\/index.php?rest_route=\/wp\/v2\/types\/post"}],"author":[{"embeddable":true,"href":"https:\/\/www.handball-ulm.de\/index.php?rest_route=\/wp\/v2\/users\/1"}],"replies":[{"embeddable":true,"href":"https:\/\/www.handball-ulm.de\/index.php?rest_route=%2Fwp%2Fv2%2Fcomments&post=10372"}],"version-history":[{"count":3,"href":"https:\/\/www.handball-ulm.de\/index.php?rest_route=\/wp\/v2\/posts\/10372\/revisions"}],"predecessor-version":[{"id":12795,"href":"https:\/\/www.handball-ulm.de\/index.php?rest_route=\/wp\/v2\/posts\/10372\/revisions\/12795"}],"wp:attachment":[{"href":"https:\/\/www.handball-ulm.de\/index.php?rest_route=%2Fwp%2Fv2%2Fmedia&parent=10372"}],"wp:term":[{"taxonomy":"category","embeddable":true,"href":"https:\/\/www.handball-ulm.de\/index.php?rest_route=%2Fwp%2Fv2%2Fcategories&post=10372"},{"taxonomy":"post_tag","embeddable":true,"href":"https:\/\/www.handball-ulm.de\/index.php?rest_route=%2Fwp%2Fv2%2Ftags&post=10372"}],"curies":[{"name":"wp","href":"https:\/\/api.w.org\/{rel}","templated":true}]}}