{"id":10289,"date":"2022-08-11T23:30:54","date_gmt":"2022-08-11T21:30:54","guid":{"rendered":"https:\/\/www.handball-ulm.de\/?p=10289"},"modified":"2022-08-11T23:30:56","modified_gmt":"2022-08-11T21:30:56","slug":"maenner-2-saison-bericht-2022-23","status":"publish","type":"post","link":"https:\/\/www.handball-ulm.de\/?p=10289","title":{"rendered":"M\u00e4nner 2: Saison Bericht 2022\/23"},"content":{"rendered":"<p>Die neue Saison beginnen wir als zweite Herrenmannschaft der SG Ulm &amp; Wiblingen, direkt mit ein paar \u00c4nderungen. So freuen wir uns, zwei neue Trainer begr\u00fc\u00dfen zu d\u00fcrfen, Mathias und Dragan. Zwei Quereinsteiger, welche sich jedoch durch jahrelange Spielerfahrung und einer T\u00e4tigkeit im Lehrwesen erg\u00e4nzend zu einem starken Trainerteam zusammenf\u00fcgen.<br \/>\nEbenso begr\u00fc\u00dfen wir ein paar neue Spieler bei uns in der Mannschaft, welche auf eine vielversprechende Saison hoffen lassen.<br \/>\nAuch neu: die von SwissLife gesponsorten Trikots, welche uns von nun an begleiten werden.<\/p>\n<p>Leider hadern wir gerade etwas mit der Trainingsbeteiligung, da einerseits einige Spieler Verletzungen beklagen m\u00fcssen, andererseits sich aufgrund unseres durchaus jungen Kaders viel Ver\u00e4nderung im Leben unserer Spieler einstellt durch die Beendigung der Schule, Ausbildung oder Vergleichbarem.<\/p>\n<p>Trotzdem blicken wir optimistisch in die Zukunft und freuen uns auf die kommende Saison, die wir als immer weiter zusammenwachsende Mannschaft, gemeinsam bestreiten werden. Hierbei hoffen wir nach zwei von Corona gepr\u00e4gten Jahren, endlich wieder dem Hobby, das uns alle eint, voll und ganz nachgehen zu k\u00f6nnen, gemeinsam Spa\u00df am Spiel zu haben!<\/p>\n","protected":false},"excerpt":{"rendered":"<p>Die neue Saison beginnen wir als zweite Herrenmannschaft der SG Ulm &amp; Wiblingen, direkt mit ein paar \u00c4nderungen. So freuen wir uns, zwei neue Trainer begr\u00fc\u00dfen zu d\u00fcrfen, Mathias und Dragan. Zwei Quereinsteiger, welche sich jedoch durch jahrelange Spielerfahrung und einer T\u00e4tigkeit im Lehrwesen erg\u00e4nzend zu einem starken Trainerteam zusammenf\u00fcgen. Ebenso begr\u00fc\u00dfen wir ein paar [&hellip;]<\/p>\n<br\/><br\/><a class=\"read-more\" href=\"https:\/\/www.handball-ulm.de\/?p=10289\"> Mehr lesen...<\/a>","protected":false},"author":1,"featured_media":0,"comment_status":"closed","ping_status":"closed","sticky":false,"template":"","format":"standard","meta":{"ngg_post_thumbnail":0,"footnotes":""},"categories":[12],"tags":[],"_links":{"self":[{"href":"https:\/\/www.handball-ulm.de\/index.php?rest_route=\/wp\/v2\/posts\/10289"}],"collection":[{"href":"https:\/\/www.handball-ulm.de\/index.php?rest_route=\/wp\/v2\/posts"}],"about":[{"href":"https:\/\/www.handball-ulm.de\/index.php?rest_route=\/wp\/v2\/types\/post"}],"author":[{"embeddable":true,"href":"https:\/\/www.handball-ulm.de\/index.php?rest_route=\/wp\/v2\/users\/1"}],"replies":[{"embeddable":true,"href":"https:\/\/www.handball-ulm.de\/index.php?rest_route=%2Fwp%2Fv2%2Fcomments&post=10289"}],"version-history":[{"count":1,"href":"https:\/\/www.handball-ulm.de\/index.php?rest_route=\/wp\/v2\/posts\/10289\/revisions"}],"predecessor-version":[{"id":10290,"href":"https:\/\/www.handball-ulm.de\/index.php?rest_route=\/wp\/v2\/posts\/10289\/revisions\/10290"}],"wp:attachment":[{"href":"https:\/\/www.handball-ulm.de\/index.php?rest_route=%2Fwp%2Fv2%2Fmedia&parent=10289"}],"wp:term":[{"taxonomy":"category","embeddable":true,"href":"https:\/\/www.handball-ulm.de\/index.php?rest_route=%2Fwp%2Fv2%2Fcategories&post=10289"},{"taxonomy":"post_tag","embeddable":true,"href":"https:\/\/www.handball-ulm.de\/index.php?rest_route=%2Fwp%2Fv2%2Ftags&post=10289"}],"curies":[{"name":"wp","href":"https:\/\/api.w.org\/{rel}","templated":true}]}}