{"id":10253,"date":"2022-08-10T23:54:53","date_gmt":"2022-08-10T21:54:53","guid":{"rendered":"https:\/\/www.handball-ulm.de\/?p=10253"},"modified":"2022-08-10T23:54:55","modified_gmt":"2022-08-10T21:54:55","slug":"maenner-1-saison-bericht-2022-2023","status":"publish","type":"post","link":"https:\/\/www.handball-ulm.de\/?p=10253","title":{"rendered":"M\u00e4nner 1: Saison Bericht 2022\/2023"},"content":{"rendered":"<p>Jahr f\u00fcr Jahr gibt es immer das gleiche Saisonziel. Aufstieg!<br \/>\nNach mehreren gescheiterten Versuchen kam den M\u00e4nnern der Herren 1 der Gedanke, ob man sich nicht vielleicht mit kleineren Erfolgen zufriedengeben muss, dem Klassenerhalt zum Beispiel? Nein! Bei dieser Antwort waren sich alle einig, auch diese Saison wird wieder um den Aufstieg gek\u00e4mpft. Und damit haben die M\u00e4nner der SG keine schlechten Chancen. Die perfekte Mischung aus erfahrenen, alten Hasen und jungen, hungrigen Spielern macht die Ulmer ausgewogen wie keinen anderen Verein der Liga.<\/p>\n<p>Das l\u00e4sst sich auch in der Vorbereitung sehen. 3-mal die Woche Training, gut ein halbes Dutzend Testspiele und Home-Workouts geben schon mal einen Vorgeschmack auf die kommende Saison.<\/p>\n<p>Starke Individuen sind gut, ein verbundenes Team ist besser. Da trifft es sich, dass neben dem vielen Training auch gemeinsame Aktionen wie Abschlussfahrt (letzte Saison) H\u00fctte, Kabinenfeste oder einfach nur eine Kiste Bier in gem\u00fctlicher Runde zu enger Verbundenheit f\u00fchrt, was auf und neben dem Platz deutlich sp\u00fcrbar ist.<\/p>\n<p>Wir, die Herren 1, freuen uns sehr auf die kommende Saison.<br \/>\nViele Tore, Siege, gute Laune und vor allem auf euch.<br \/>\nNa, dann bis bald in der Tannenplatzhalle.<\/p>\n<p>Das TEAM der Herren 1<\/p>\n","protected":false},"excerpt":{"rendered":"<p>Jahr f\u00fcr Jahr gibt es immer das gleiche Saisonziel. Aufstieg! Nach mehreren gescheiterten Versuchen kam den M\u00e4nnern der Herren 1 der Gedanke, ob man sich nicht vielleicht mit kleineren Erfolgen zufriedengeben muss, dem Klassenerhalt zum Beispiel? Nein! Bei dieser Antwort waren sich alle einig, auch diese Saison wird wieder um den Aufstieg gek\u00e4mpft. Und damit [&hellip;]<\/p>\n<br\/><br\/><a class=\"read-more\" href=\"https:\/\/www.handball-ulm.de\/?p=10253\"> Mehr lesen...<\/a>","protected":false},"author":1,"featured_media":0,"comment_status":"closed","ping_status":"closed","sticky":false,"template":"","format":"standard","meta":{"ngg_post_thumbnail":0,"footnotes":""},"categories":[11,63],"tags":[],"_links":{"self":[{"href":"https:\/\/www.handball-ulm.de\/index.php?rest_route=\/wp\/v2\/posts\/10253"}],"collection":[{"href":"https:\/\/www.handball-ulm.de\/index.php?rest_route=\/wp\/v2\/posts"}],"about":[{"href":"https:\/\/www.handball-ulm.de\/index.php?rest_route=\/wp\/v2\/types\/post"}],"author":[{"embeddable":true,"href":"https:\/\/www.handball-ulm.de\/index.php?rest_route=\/wp\/v2\/users\/1"}],"replies":[{"embeddable":true,"href":"https:\/\/www.handball-ulm.de\/index.php?rest_route=%2Fwp%2Fv2%2Fcomments&post=10253"}],"version-history":[{"count":1,"href":"https:\/\/www.handball-ulm.de\/index.php?rest_route=\/wp\/v2\/posts\/10253\/revisions"}],"predecessor-version":[{"id":10254,"href":"https:\/\/www.handball-ulm.de\/index.php?rest_route=\/wp\/v2\/posts\/10253\/revisions\/10254"}],"wp:attachment":[{"href":"https:\/\/www.handball-ulm.de\/index.php?rest_route=%2Fwp%2Fv2%2Fmedia&parent=10253"}],"wp:term":[{"taxonomy":"category","embeddable":true,"href":"https:\/\/www.handball-ulm.de\/index.php?rest_route=%2Fwp%2Fv2%2Fcategories&post=10253"},{"taxonomy":"post_tag","embeddable":true,"href":"https:\/\/www.handball-ulm.de\/index.php?rest_route=%2Fwp%2Fv2%2Ftags&post=10253"}],"curies":[{"name":"wp","href":"https:\/\/api.w.org\/{rel}","templated":true}]}}